{"id":842,"date":"2020-10-05T15:58:33","date_gmt":"2020-10-05T13:58:33","guid":{"rendered":"http:\/\/dev.difg-verband.de\/?p=842"},"modified":"2020-11-24T10:47:23","modified_gmt":"2020-11-24T09:47:23","slug":"difg-e-v-unterstuetzt-beactive-und-die-europaeische-woche-des-sports-vom-23-bis-zum-30-september","status":"publish","type":"post","link":"https:\/\/www.difg-verband.de\/de\/difg-e-v-unterstuetzt-beactive-und-die-europaeische-woche-des-sports-vom-23-bis-zum-30-september\/","title":{"rendered":"DIFG e.V. unterst\u00fctzt #BEACTIVE und die Europ\u00e4ische Woche des Sports vom 23. bis zum 30. September"},"content":{"rendered":"<p>Die Europ\u00e4ische Union hat das Problem des Bewegungsmangels der Europ\u00e4er*innen und dessen Folgen erkannt. Auch wenn sportliche Aktivit\u00e4t und Fitness im Trend liegen, bewegen sich fast 40% der Deutschen laut Eurobarometer 2018 nie. Der Lockdown und die Pandemie COVID-19 d\u00fcrften zur Versch\u00e4rfung der Problematik beitragen.<\/p>\n<p>Im Rahmen der Europ\u00e4ischen Woche des Sports vom 23. bis zum 30. September soll die Bev\u00f6lkerung zu mehr Aktivit\u00e4t motiviert werden. Denn die EU hat folgende These erkannt:<\/p>\n<p><strong>Eine aktive Gesellschaft ist eine gesunde, gl\u00fcckliche und inklusive Gesellschaft.<\/strong><\/p>\n<p>Die Gesamtleitung der Initiative liegt beim DTB, dessen Ziele u.a. eine Vielzahl von Events mit dem Themenschwerpunkt \u201eBewegung\u201c, die Bildung von Netzwerken, bewegungsorientierte Stadtentwicklung und eine Verankerung von Sport in Politik und Wirtschaft sind.<\/p>\n<p>Der DIFG e.V. als Verband der Deutschen Fitness- und Gesundheitsindustrie sieht in der Fitnessbranche ein wichtiges Element der gesundheitsorientierten Bewegungslandschaft.\u00a0 Attraktive, fl\u00e4chendeckende Angebote, die zeitlich sehr flexibel genutzt werden k\u00f6nnen, und ein hohes Ma\u00df an Qualit\u00e4t und Zielgruppenorientierung finden eine hohe Akzeptanz in der Bev\u00f6lkerung.<\/p>\n<p>Der Verband \u00fcbernimmt als Partner des DTB die Koordination der Aktivit\u00e4ten des kommerziellen Fitnessmarktes. Daher wird der DIFG e.V. mit seinen Partnern aus dem Fitness-Markt Konzepte erarbeiten, um w\u00e4hrend des Aktionszeitraums den Stellenwert und die Attraktivit\u00e4t des Fitness-Marktes in der Bewegungslandschaft zu verdeutlichen.<\/p>\n<p>Informationen zur Initiative #BEACTIVE finden Sie unter:\u00a0<a href=\"https:\/\/www.beactive-deutschland.de\/\" target=\"_blank\" rel=\"noopener noreferrer\">https:\/\/www.beactive-deutschland.de\/<\/a><\/p>\n<p>Sie m\u00f6chten sich gemeinsam mit dem DIFG e.V. engagieren? Mailen Sie uns\u00a0<a href=\"mailto:nagel@difg-verband.de\">nagel@difg-verband.de<\/a><\/p>\n<div><\/div>\n","protected":false},"excerpt":{"rendered":"<p>Die Europ\u00e4ische Union hat das Problem des Bewegungsmangels der Europ\u00e4er*innen und dessen Folgen erkannt. Auch wenn sportliche Aktivit\u00e4t und Fitness im Trend liegen, bewegen sich fast 40% der Deutschen laut Eurobarometer 2018 nie. Der Lockdown und die Pandemie COVID-19 d\u00fcrften zur Versch\u00e4rfung der Problematik beitragen. Im Rahmen der Europ\u00e4ischen Woche des Sports vom 23. bis [&hellip;]<\/p>\n","protected":false},"author":2,"featured_media":0,"comment_status":"open","ping_status":"open","sticky":false,"template":"","format":"standard","meta":{"footnotes":""},"categories":[50],"tags":[],"class_list":["post-842","post","type-post","status-publish","format-standard","hentry","category-verbandsnews"],"acf":[],"_links":{"self":[{"href":"https:\/\/www.difg-verband.de\/de\/wp-json\/wp\/v2\/posts\/842","targetHints":{"allow":["GET"]}}],"collection":[{"href":"https:\/\/www.difg-verband.de\/de\/wp-json\/wp\/v2\/posts"}],"about":[{"href":"https:\/\/www.difg-verband.de\/de\/wp-json\/wp\/v2\/types\/post"}],"author":[{"embeddable":true,"href":"https:\/\/www.difg-verband.de\/de\/wp-json\/wp\/v2\/users\/2"}],"replies":[{"embeddable":true,"href":"https:\/\/www.difg-verband.de\/de\/wp-json\/wp\/v2\/comments?post=842"}],"version-history":[{"count":1,"href":"https:\/\/www.difg-verband.de\/de\/wp-json\/wp\/v2\/posts\/842\/revisions"}],"predecessor-version":[{"id":843,"href":"https:\/\/www.difg-verband.de\/de\/wp-json\/wp\/v2\/posts\/842\/revisions\/843"}],"wp:attachment":[{"href":"https:\/\/www.difg-verband.de\/de\/wp-json\/wp\/v2\/media?parent=842"}],"wp:term":[{"taxonomy":"category","embeddable":true,"href":"https:\/\/www.difg-verband.de\/de\/wp-json\/wp\/v2\/categories?post=842"},{"taxonomy":"post_tag","embeddable":true,"href":"https:\/\/www.difg-verband.de\/de\/wp-json\/wp\/v2\/tags?post=842"}],"curies":[{"name":"wp","href":"https:\/\/api.w.org\/{rel}","templated":true}]}}