{"id":2064,"date":"2024-02-05T10:09:34","date_gmt":"2024-02-05T09:09:34","guid":{"rendered":"https:\/\/www.difg-verband.de\/?p=2064"},"modified":"2024-02-06T15:12:28","modified_gmt":"2024-02-06T14:12:28","slug":"difg-wirtschaftstag-living-in-2035","status":"publish","type":"post","link":"https:\/\/www.difg-verband.de\/de\/difg-wirtschaftstag-living-in-2035\/","title":{"rendered":"DIFG Wirtschaftstag: &#8220;Living in 2035&#8221;"},"content":{"rendered":"<p><strong>Die Zukunft der Fitnessbranche im Kontext eines sich ver\u00e4ndernden urbanen Lebensraums, nachhaltigen Bem\u00fchungen und einem wachsenden Mangel an qualifizierten Mitarbeiter:innen.<\/strong><\/p>\n<p><strong>Wie werden wir leben, trainieren und arbeiten im Jahr 2035?<\/strong> Mit dieser Thematik besch\u00e4ftigen sich spannende Vortr\u00e4ge und Insights im Rahmen des 8. DIFG Wirtschaftstags in den R\u00e4umlichkeiten der Gothaer Versicherung. Wir freuen uns gemeinsam mit unseren Experten und Expertinnen innovative Perspektiven der Fitnessbranche zu entdecken und zu erfahren, wie neue M\u00e4rkte erschlossen, die Zielgruppe transformiert und nachhaltige Ver\u00e4nderungen umgesetzt werden k\u00f6nnen.<\/p>\n<p><a href=\"https:\/\/www.difg-verband.de\/wp-content\/uploads\/2024\/02\/Flyer_idee-1.pdf\">Hier k\u00f6nnen Sie weitere Informationen zu den Redner:innen und dem Tagesablauf lesen.<\/a><\/p>\n","protected":false},"excerpt":{"rendered":"<p>Die Zukunft der Fitnessbranche im Kontext eines sich ver\u00e4ndernden urbanen Lebensraums, nachhaltigen Bem\u00fchungen und einem wachsenden Mangel an qualifizierten Mitarbeiter:innen. Wie werden wir leben, trainieren und arbeiten im Jahr 2035? Mit dieser Thematik besch\u00e4ftigen sich spannende Vortr\u00e4ge und Insights im Rahmen des 8. DIFG Wirtschaftstags in den R\u00e4umlichkeiten der Gothaer Versicherung. Wir freuen uns gemeinsam [&hellip;]<\/p>\n","protected":false},"author":6,"featured_media":0,"comment_status":"open","ping_status":"open","sticky":false,"template":"","format":"standard","meta":{"footnotes":""},"categories":[49,50],"tags":[],"class_list":["post-2064","post","type-post","status-publish","format-standard","hentry","category-branchennews","category-verbandsnews"],"acf":[],"_links":{"self":[{"href":"https:\/\/www.difg-verband.de\/de\/wp-json\/wp\/v2\/posts\/2064","targetHints":{"allow":["GET"]}}],"collection":[{"href":"https:\/\/www.difg-verband.de\/de\/wp-json\/wp\/v2\/posts"}],"about":[{"href":"https:\/\/www.difg-verband.de\/de\/wp-json\/wp\/v2\/types\/post"}],"author":[{"embeddable":true,"href":"https:\/\/www.difg-verband.de\/de\/wp-json\/wp\/v2\/users\/6"}],"replies":[{"embeddable":true,"href":"https:\/\/www.difg-verband.de\/de\/wp-json\/wp\/v2\/comments?post=2064"}],"version-history":[{"count":4,"href":"https:\/\/www.difg-verband.de\/de\/wp-json\/wp\/v2\/posts\/2064\/revisions"}],"predecessor-version":[{"id":2078,"href":"https:\/\/www.difg-verband.de\/de\/wp-json\/wp\/v2\/posts\/2064\/revisions\/2078"}],"wp:attachment":[{"href":"https:\/\/www.difg-verband.de\/de\/wp-json\/wp\/v2\/media?parent=2064"}],"wp:term":[{"taxonomy":"category","embeddable":true,"href":"https:\/\/www.difg-verband.de\/de\/wp-json\/wp\/v2\/categories?post=2064"},{"taxonomy":"post_tag","embeddable":true,"href":"https:\/\/www.difg-verband.de\/de\/wp-json\/wp\/v2\/tags?post=2064"}],"curies":[{"name":"wp","href":"https:\/\/api.w.org\/{rel}","templated":true}]}}