{"id":1936,"date":"2023-07-31T08:44:02","date_gmt":"2023-07-31T06:44:02","guid":{"rendered":"https:\/\/www.difg-verband.de\/?p=1936"},"modified":"2023-07-31T08:59:14","modified_gmt":"2023-07-31T06:59:14","slug":"personelle-veraenderungen-in-der-difg-e-v-geschaeftsfuehrung","status":"publish","type":"post","link":"https:\/\/www.difg-verband.de\/de\/personelle-veraenderungen-in-der-difg-e-v-geschaeftsfuehrung\/","title":{"rendered":"Personelle Ver\u00e4nderungen in der DIFG e.V. Gesch\u00e4ftsf\u00fchrung"},"content":{"rendered":"<p>Ralph Scholz wird kommissarischer Gesch\u00e4ftsf\u00fchrer!<\/p>\n<p>Zum 31.08.2023 wird unser langj\u00e4hriger und sehr gesch\u00e4tzter Gesch\u00e4ftsf\u00fchrer Niels Nagel den Verband auf eigenen Wunsch verlassen. Wir sind Niels f\u00fcr die vergangenen zehn Jahre zu tiefstem Dank verpflichtet, da er immer die Interessen des Verbandes an erster Stelle gestellt hat. Mit seinem Engagement hat Niels einen gro\u00dfen Teil dazu beigetragen den Verband zu seiner heutigen Gr\u00f6\u00dfe und Tragkraft zu entwickeln. <strong><a href=\"https:\/\/www.difg-verband.de\/wp-content\/uploads\/2023\/07\/DIFG_PM_Fachpresse_210906.pdf\">Hier k\u00f6nnen Sie die komplette Pressemitteilung sowie die Stellungsnahme von Niels Nagel lesen.<\/a><\/strong><\/p>\n<p>Zus\u00e4tzlich freuen wir uns bereits heute mitteilen zu k\u00f6nnen einen hochkaratigen Nachfolger gefunden zu haben. Hierzu werden Sie in k\u00fcrze weitere Informationen erhalten.<\/p>\n","protected":false},"excerpt":{"rendered":"<p>Ralph Scholz wird kommissarischer Gesch\u00e4ftsf\u00fchrer! Zum 31.08.2023 wird unser langj\u00e4hriger und sehr gesch\u00e4tzter Gesch\u00e4ftsf\u00fchrer Niels Nagel den Verband auf eigenen Wunsch verlassen. Wir sind Niels f\u00fcr die vergangenen zehn Jahre zu tiefstem Dank verpflichtet, da er immer die Interessen des Verbandes an erster Stelle gestellt hat. Mit seinem Engagement hat Niels einen gro\u00dfen Teil dazu [&hellip;]<\/p>\n","protected":false},"author":6,"featured_media":0,"comment_status":"open","ping_status":"open","sticky":false,"template":"","format":"standard","meta":{"footnotes":""},"categories":[50],"tags":[],"class_list":["post-1936","post","type-post","status-publish","format-standard","hentry","category-verbandsnews"],"acf":[],"_links":{"self":[{"href":"https:\/\/www.difg-verband.de\/de\/wp-json\/wp\/v2\/posts\/1936","targetHints":{"allow":["GET"]}}],"collection":[{"href":"https:\/\/www.difg-verband.de\/de\/wp-json\/wp\/v2\/posts"}],"about":[{"href":"https:\/\/www.difg-verband.de\/de\/wp-json\/wp\/v2\/types\/post"}],"author":[{"embeddable":true,"href":"https:\/\/www.difg-verband.de\/de\/wp-json\/wp\/v2\/users\/6"}],"replies":[{"embeddable":true,"href":"https:\/\/www.difg-verband.de\/de\/wp-json\/wp\/v2\/comments?post=1936"}],"version-history":[{"count":8,"href":"https:\/\/www.difg-verband.de\/de\/wp-json\/wp\/v2\/posts\/1936\/revisions"}],"predecessor-version":[{"id":1954,"href":"https:\/\/www.difg-verband.de\/de\/wp-json\/wp\/v2\/posts\/1936\/revisions\/1954"}],"wp:attachment":[{"href":"https:\/\/www.difg-verband.de\/de\/wp-json\/wp\/v2\/media?parent=1936"}],"wp:term":[{"taxonomy":"category","embeddable":true,"href":"https:\/\/www.difg-verband.de\/de\/wp-json\/wp\/v2\/categories?post=1936"},{"taxonomy":"post_tag","embeddable":true,"href":"https:\/\/www.difg-verband.de\/de\/wp-json\/wp\/v2\/tags?post=1936"}],"curies":[{"name":"wp","href":"https:\/\/api.w.org\/{rel}","templated":true}]}}