{"id":1121,"date":"2020-12-07T09:53:53","date_gmt":"2020-12-07T08:53:53","guid":{"rendered":"https:\/\/www.difg-verband.de\/?p=1121"},"modified":"2020-12-07T09:58:02","modified_gmt":"2020-12-07T08:58:02","slug":"online-petition-fuer-wiedereroeffnung-der-fitnessstudios","status":"publish","type":"post","link":"https:\/\/www.difg-verband.de\/de\/online-petition-fuer-wiedereroeffnung-der-fitnessstudios\/","title":{"rendered":"Online-Petition f\u00fcr Wiederer\u00f6ffnung der Fitnessstudios"},"content":{"rendered":"<p><strong>Initiative #gesundheit-braucht-fitness gibt Studiomitgliedern eine Stimme:\u00a0<\/strong><\/p>\n<p><strong>Knapp 12 Millionen Fitnessstudio-Mitglieder k\u00f6nnen derzeit aufgrund der verordneten bundesweiten Studioschlie\u00dfungen nicht wie gewohnt in einem der rund 10.000 Fitness- und Gesundheitsbetriebe Deutschlands trainieren. Dabei ist es unbestritten, dass regelm\u00e4\u00dfig betriebener Sport die Gesundheit f\u00f6rdert und mit dazu beitr\u00e4gt, das Immunsystem zu st\u00e4rken. Deshalb hat die Initiative #gesundheit-braucht-fitness, die von einem Gro\u00dfteil der Fitnesswirtschaft sowie diversen Verb\u00e4nden unterst\u00fctzt wird, unter <u>www.change.org\/gesundheitbrauchtfitness<\/u> eine Online-Petition ins Leben gerufen, mit der Fitnessstudio-Mitglieder f\u00fcr eine verantwortungsvolle Wiederer\u00f6ffnung der Sportst\u00e4tten pl\u00e4dieren k\u00f6nnen.\u00a0 <\/strong><\/p>\n<p>Die Teilnahme funktioniert denkbar einfach: Die Mitglieder m\u00fcssen in vorbereiteten Formularfeldern lediglich ihren Vor- und Nachnamen sowie ihre E-Mail-Adresse eintragen und abschlie\u00dfend auf den Button \u201ePetition unterschreiben\u201c klicken. Auf der Webseite wird immer aktuell angezeigt, wie viele Fitnessstudio-Mitglieder sich bereits an der Petition beteiligt haben.<\/p>\n<p>Um die Online-Petition so schnell wie m\u00f6glich bekannt zu machen, haben sich schon jetzt viele Fitnessketten und Studiobetreiber bereit erkl\u00e4rt, ihre Mitglieder \u00fcber die Aktion zu informieren und zur Teilnahme zu motivieren. Unterst\u00fctzt werden sie dabei mit zahlreichen vorbereiteten Kommunikationsmitteln zur kostenlosen Verwendung, wie z. B. das Kampagnen-Motiv, Erkl\u00e4r-Videos, vorgefertigten Pressemitteilungen sowie Postings f\u00fcr Facebook und Instagram. Diese k\u00f6nnen, gesammelt in einer sogenannten \u201eTool-Box\u201c, von der Website <u>www.gesundheit-braucht-fitness.de\/studio-betreiber<\/u> heruntergeladen werden. \u201eStudiobetreiber, die ihre Mitglieder dazu animieren m\u00f6chten, ebenfalls an der Online-Petition teilzunehmen, sind herzlich dazu eingeladen unsere Aktion publik zu machen\u201c, so Ralph Scholz, Sprecher der Initiative #gesundheit-braucht-fitness.<\/p>\n","protected":false},"excerpt":{"rendered":"<p>Initiative #gesundheit-braucht-fitness gibt Studiomitgliedern eine Stimme:\u00a0 Knapp 12 Millionen Fitnessstudio-Mitglieder k\u00f6nnen derzeit aufgrund der verordneten bundesweiten Studioschlie\u00dfungen nicht wie gewohnt in einem der rund 10.000 Fitness- und Gesundheitsbetriebe Deutschlands trainieren. Dabei ist es unbestritten, dass regelm\u00e4\u00dfig betriebener Sport die Gesundheit f\u00f6rdert und mit dazu beitr\u00e4gt, das Immunsystem zu st\u00e4rken. Deshalb hat die Initiative #gesundheit-braucht-fitness, die [&hellip;]<\/p>\n","protected":false},"author":5,"featured_media":0,"comment_status":"open","ping_status":"open","sticky":false,"template":"","format":"standard","meta":{"footnotes":""},"categories":[49],"tags":[],"class_list":["post-1121","post","type-post","status-publish","format-standard","hentry","category-branchennews"],"acf":[],"_links":{"self":[{"href":"https:\/\/www.difg-verband.de\/de\/wp-json\/wp\/v2\/posts\/1121","targetHints":{"allow":["GET"]}}],"collection":[{"href":"https:\/\/www.difg-verband.de\/de\/wp-json\/wp\/v2\/posts"}],"about":[{"href":"https:\/\/www.difg-verband.de\/de\/wp-json\/wp\/v2\/types\/post"}],"author":[{"embeddable":true,"href":"https:\/\/www.difg-verband.de\/de\/wp-json\/wp\/v2\/users\/5"}],"replies":[{"embeddable":true,"href":"https:\/\/www.difg-verband.de\/de\/wp-json\/wp\/v2\/comments?post=1121"}],"version-history":[{"count":4,"href":"https:\/\/www.difg-verband.de\/de\/wp-json\/wp\/v2\/posts\/1121\/revisions"}],"predecessor-version":[{"id":1125,"href":"https:\/\/www.difg-verband.de\/de\/wp-json\/wp\/v2\/posts\/1121\/revisions\/1125"}],"wp:attachment":[{"href":"https:\/\/www.difg-verband.de\/de\/wp-json\/wp\/v2\/media?parent=1121"}],"wp:term":[{"taxonomy":"category","embeddable":true,"href":"https:\/\/www.difg-verband.de\/de\/wp-json\/wp\/v2\/categories?post=1121"},{"taxonomy":"post_tag","embeddable":true,"href":"https:\/\/www.difg-verband.de\/de\/wp-json\/wp\/v2\/tags?post=1121"}],"curies":[{"name":"wp","href":"https:\/\/api.w.org\/{rel}","templated":true}]}}